{"id":1876,"date":"2018-02-06T14:30:41","date_gmt":"2018-02-06T13:30:41","guid":{"rendered":"https:\/\/cfequipments.com\/?p=1876"},"modified":"2023-01-23T10:20:52","modified_gmt":"2023-01-23T09:20:52","slug":"demogroen-2018-bruselas-be","status":"publish","type":"post","link":"https:\/\/www.cnf-ce.com\/es\/demogroen-2018-bruxelles-be\/","title":{"rendered":"DEMOGROEN 2018 \u2013 BRUSELAS (BE)"},"content":{"rendered":"<p>Del 9 al 11 de septiembre, CNF participar\u00e1 en el Demo Groen 2018 en Bruselas, un gran evento dedicado a la jardiner\u00eda y la paisaj\u00edstica en B\u00e9lgica. Nuestro distribuidor local Devako ha confirmado su fuerte implicaci\u00f3n en este tipo de mercado con gran inter\u00e9s en nuestra gama de minivolquetes.<\/p>\n<p><a href=\"http:\/\/www.demogroen.be\" target=\"_blank\" rel=\"noopener noreferrer\">www.demogroen.be<\/a><\/p>","protected":false},"excerpt":{"rendered":"<p>Del 9 al 11 de septiembre CNF participar\u00e1 en Demo Groen 2018 en Bruselas, un gran evento dedicado a la jardiner\u00eda y la paisaj\u00edstica en B\u00e9lgica. Nuestro distribuidor local Devako ha confirmado su fuerte implicaci\u00f3n en este tipo de mercado, con gran inter\u00e9s hacia nuestra gama de minivolquetes. www.demogroen.be<\/p>","protected":false},"author":1,"featured_media":6644,"comment_status":"closed","ping_status":"closed","sticky":false,"template":"","format":"standard","meta":{"footnotes":""},"categories":[1],"tags":[],"class_list":["post-1876","post","type-post","status-publish","format-standard","has-post-thumbnail","hentry","category-news-fiere"],"yoast_head":"<!-- This site is optimized with the Yoast SEO plugin v27.4 - https:\/\/yoast.com\/product\/yoast-seo-wordpress\/ -->\n<title>DEMOGROEN 2018 \u2013 BRUXELLES (BE) - CNF<\/title>\n<meta name=\"robots\" content=\"index, follow, max-snippet:-1, max-image-preview:large, max-video-preview:-1\" \/>\n<link rel=\"canonical\" href=\"https:\/\/www.cnf-ce.com\/es\/demogroen-2018-bruselas-be\/\" \/>\n<meta property=\"og:locale\" content=\"es_ES\" \/>\n<meta property=\"og:type\" content=\"article\" \/>\n<meta property=\"og:title\" content=\"DEMOGROEN 2018 \u2013 BRUXELLES (BE) - CNF\" \/>\n<meta property=\"og:description\" content=\"Dal 9 al 11 Settembre CNF parteciper\u00e0 al Demo Groen 2018 a Bruxelles, un grande evento dedicato al giardinaggio ed alla paesaggistica in Belgio.\u2028\u2028 Il nostro distributore locale Devako ha confermato il forte coinvolgimento in questo tipo di mercato con grande interesse verso la nostra gamma di minidumpers. www.demogroen.be\" \/>\n<meta property=\"og:url\" content=\"https:\/\/www.cnf-ce.com\/es\/demogroen-2018-bruselas-be\/\" \/>\n<meta property=\"og:site_name\" content=\"CNF\" \/>\n<meta property=\"article:published_time\" content=\"2018-02-06T13:30:41+00:00\" \/>\n<meta property=\"article:modified_time\" content=\"2023-01-23T09:20:52+00:00\" \/>\n<meta property=\"og:image\" content=\"https:\/\/www.cnf-ce.com\/wp-content\/uploads\/2018\/02\/demo-groen-bruxelles-CNF.jpg\" \/>\n\t<meta property=\"og:image:width\" content=\"1920\" \/>\n\t<meta property=\"og:image:height\" content=\"1280\" \/>\n\t<meta property=\"og:image:type\" content=\"image\/jpeg\" \/>\n<meta name=\"author\" content=\"admin\" \/>\n<meta name=\"twitter:card\" content=\"summary_large_image\" \/>\n<meta name=\"twitter:label1\" content=\"Escrito por\" \/>\n\t<meta name=\"twitter:data1\" content=\"admin\" \/>\n\t<meta name=\"twitter:label2\" content=\"Tiempo de lectura\" \/>\n\t<meta name=\"twitter:data2\" content=\"1 minuto\" \/>\n<script type=\"application\/ld+json\" class=\"yoast-schema-graph\">{\"@context\":\"https:\\\/\\\/schema.org\",\"@graph\":[{\"@type\":\"Article\",\"@id\":\"https:\\\/\\\/www.cnf-ce.com\\\/demogroen-2018-bruxelles-be\\\/#article\",\"isPartOf\":{\"@id\":\"https:\\\/\\\/www.cnf-ce.com\\\/demogroen-2018-bruxelles-be\\\/\"},\"author\":{\"name\":\"admin\",\"@id\":\"https:\\\/\\\/www.cnf-ce.com\\\/#\\\/schema\\\/person\\\/5f5c43fcc05648b29cb81b4e105408b6\"},\"headline\":\"DEMOGROEN 2018 \u2013 BRUXELLES (BE)\",\"datePublished\":\"2018-02-06T13:30:41+00:00\",\"dateModified\":\"2023-01-23T09:20:52+00:00\",\"mainEntityOfPage\":{\"@id\":\"https:\\\/\\\/www.cnf-ce.com\\\/demogroen-2018-bruxelles-be\\\/\"},\"wordCount\":51,\"publisher\":{\"@id\":\"https:\\\/\\\/www.cnf-ce.com\\\/#organization\"},\"image\":{\"@id\":\"https:\\\/\\\/www.cnf-ce.com\\\/demogroen-2018-bruxelles-be\\\/#primaryimage\"},\"thumbnailUrl\":\"https:\\\/\\\/www.cnf-ce.com\\\/wp-content\\\/uploads\\\/2018\\\/02\\\/demo-groen-bruxelles-CNF.jpg\",\"articleSection\":[\"News &amp; Fiere\"],\"inLanguage\":\"es\"},{\"@type\":\"WebPage\",\"@id\":\"https:\\\/\\\/www.cnf-ce.com\\\/demogroen-2018-bruxelles-be\\\/\",\"url\":\"https:\\\/\\\/www.cnf-ce.com\\\/demogroen-2018-bruxelles-be\\\/\",\"name\":\"DEMOGROEN 2018 \u2013 BRUXELLES (BE) - CNF\",\"isPartOf\":{\"@id\":\"https:\\\/\\\/www.cnf-ce.com\\\/#website\"},\"primaryImageOfPage\":{\"@id\":\"https:\\\/\\\/www.cnf-ce.com\\\/demogroen-2018-bruxelles-be\\\/#primaryimage\"},\"image\":{\"@id\":\"https:\\\/\\\/www.cnf-ce.com\\\/demogroen-2018-bruxelles-be\\\/#primaryimage\"},\"thumbnailUrl\":\"https:\\\/\\\/www.cnf-ce.com\\\/wp-content\\\/uploads\\\/2018\\\/02\\\/demo-groen-bruxelles-CNF.jpg\",\"datePublished\":\"2018-02-06T13:30:41+00:00\",\"dateModified\":\"2023-01-23T09:20:52+00:00\",\"breadcrumb\":{\"@id\":\"https:\\\/\\\/www.cnf-ce.com\\\/demogroen-2018-bruxelles-be\\\/#breadcrumb\"},\"inLanguage\":\"es\",\"potentialAction\":[{\"@type\":\"ReadAction\",\"target\":[\"https:\\\/\\\/www.cnf-ce.com\\\/demogroen-2018-bruxelles-be\\\/\"]}]},{\"@type\":\"ImageObject\",\"inLanguage\":\"es\",\"@id\":\"https:\\\/\\\/www.cnf-ce.com\\\/demogroen-2018-bruxelles-be\\\/#primaryimage\",\"url\":\"https:\\\/\\\/www.cnf-ce.com\\\/wp-content\\\/uploads\\\/2018\\\/02\\\/demo-groen-bruxelles-CNF.jpg\",\"contentUrl\":\"https:\\\/\\\/www.cnf-ce.com\\\/wp-content\\\/uploads\\\/2018\\\/02\\\/demo-groen-bruxelles-CNF.jpg\",\"width\":1920,\"height\":1280},{\"@type\":\"BreadcrumbList\",\"@id\":\"https:\\\/\\\/www.cnf-ce.com\\\/demogroen-2018-bruxelles-be\\\/#breadcrumb\",\"itemListElement\":[{\"@type\":\"ListItem\",\"position\":1,\"name\":\"Home\",\"item\":\"https:\\\/\\\/www.cnf-ce.com\\\/\"},{\"@type\":\"ListItem\",\"position\":2,\"name\":\"News &amp; Fiere\",\"item\":\"https:\\\/\\\/www.cnf-ce.com\\\/category\\\/news-fiere\\\/\"},{\"@type\":\"ListItem\",\"position\":3,\"name\":\"DEMOGROEN 2018 \u2013 BRUXELLES (BE)\"}]},{\"@type\":\"WebSite\",\"@id\":\"https:\\\/\\\/www.cnf-ce.com\\\/#website\",\"url\":\"https:\\\/\\\/www.cnf-ce.com\\\/\",\"name\":\"CNF\",\"description\":\"Construction Equipment\",\"publisher\":{\"@id\":\"https:\\\/\\\/www.cnf-ce.com\\\/#organization\"},\"potentialAction\":[{\"@type\":\"SearchAction\",\"target\":{\"@type\":\"EntryPoint\",\"urlTemplate\":\"https:\\\/\\\/www.cnf-ce.com\\\/?s={search_term_string}\"},\"query-input\":{\"@type\":\"PropertyValueSpecification\",\"valueRequired\":true,\"valueName\":\"search_term_string\"}}],\"inLanguage\":\"es\"},{\"@type\":\"Organization\",\"@id\":\"https:\\\/\\\/www.cnf-ce.com\\\/#organization\",\"name\":\"CNF\",\"url\":\"https:\\\/\\\/www.cnf-ce.com\\\/\",\"logo\":{\"@type\":\"ImageObject\",\"inLanguage\":\"es\",\"@id\":\"https:\\\/\\\/www.cnf-ce.com\\\/#\\\/schema\\\/logo\\\/image\\\/\",\"url\":\"https:\\\/\\\/www.cnf-ce.com\\\/wp-content\\\/uploads\\\/2022\\\/09\\\/CNF_favicon.svg\",\"contentUrl\":\"https:\\\/\\\/www.cnf-ce.com\\\/wp-content\\\/uploads\\\/2022\\\/09\\\/CNF_favicon.svg\",\"width\":512,\"height\":512,\"caption\":\"CNF\"},\"image\":{\"@id\":\"https:\\\/\\\/www.cnf-ce.com\\\/#\\\/schema\\\/logo\\\/image\\\/\"}},{\"@type\":\"Person\",\"@id\":\"https:\\\/\\\/www.cnf-ce.com\\\/#\\\/schema\\\/person\\\/5f5c43fcc05648b29cb81b4e105408b6\",\"name\":\"admin\",\"sameAs\":[\"https:\\\/\\\/www.cnf-ce.com\"],\"url\":\"https:\\\/\\\/www.cnf-ce.com\\\/es\\\/author\\\/admin\\\/\"}]}<\/script>\n<!-- \/ Yoast SEO plugin. -->","yoast_head_json":{"title":"DEMOGROEN 2018 \u2013 BRUXELLES (BE) - CNF","robots":{"index":"index","follow":"follow","max-snippet":"max-snippet:-1","max-image-preview":"max-image-preview:large","max-video-preview":"max-video-preview:-1"},"canonical":"https:\/\/www.cnf-ce.com\/es\/demogroen-2018-bruselas-be\/","og_locale":"es_ES","og_type":"article","og_title":"DEMOGROEN 2018 \u2013 BRUXELLES (BE) - CNF","og_description":"Dal 9 al 11 Settembre CNF parteciper\u00e0 al Demo Groen 2018 a Bruxelles, un grande evento dedicato al giardinaggio ed alla paesaggistica in Belgio.\u2028\u2028 Il nostro distributore locale Devako ha confermato il forte coinvolgimento in questo tipo di mercato con grande interesse verso la nostra gamma di minidumpers. www.demogroen.be","og_url":"https:\/\/www.cnf-ce.com\/es\/demogroen-2018-bruselas-be\/","og_site_name":"CNF","article_published_time":"2018-02-06T13:30:41+00:00","article_modified_time":"2023-01-23T09:20:52+00:00","og_image":[{"width":1920,"height":1280,"url":"https:\/\/www.cnf-ce.com\/wp-content\/uploads\/2018\/02\/demo-groen-bruxelles-CNF.jpg","type":"image\/jpeg"}],"author":"admin","twitter_card":"summary_large_image","twitter_misc":{"Escrito por":"admin","Tiempo de lectura":"1 minuto"},"schema":{"@context":"https:\/\/schema.org","@graph":[{"@type":"Article","@id":"https:\/\/www.cnf-ce.com\/demogroen-2018-bruxelles-be\/#article","isPartOf":{"@id":"https:\/\/www.cnf-ce.com\/demogroen-2018-bruxelles-be\/"},"author":{"name":"admin","@id":"https:\/\/www.cnf-ce.com\/#\/schema\/person\/5f5c43fcc05648b29cb81b4e105408b6"},"headline":"DEMOGROEN 2018 \u2013 BRUXELLES (BE)","datePublished":"2018-02-06T13:30:41+00:00","dateModified":"2023-01-23T09:20:52+00:00","mainEntityOfPage":{"@id":"https:\/\/www.cnf-ce.com\/demogroen-2018-bruxelles-be\/"},"wordCount":51,"publisher":{"@id":"https:\/\/www.cnf-ce.com\/#organization"},"image":{"@id":"https:\/\/www.cnf-ce.com\/demogroen-2018-bruxelles-be\/#primaryimage"},"thumbnailUrl":"https:\/\/www.cnf-ce.com\/wp-content\/uploads\/2018\/02\/demo-groen-bruxelles-CNF.jpg","articleSection":["News &amp; Fiere"],"inLanguage":"es"},{"@type":"WebPage","@id":"https:\/\/www.cnf-ce.com\/demogroen-2018-bruxelles-be\/","url":"https:\/\/www.cnf-ce.com\/demogroen-2018-bruxelles-be\/","name":"DEMOGROEN 2018 \u2013 BRUXELLES (BE) - CNF","isPartOf":{"@id":"https:\/\/www.cnf-ce.com\/#website"},"primaryImageOfPage":{"@id":"https:\/\/www.cnf-ce.com\/demogroen-2018-bruxelles-be\/#primaryimage"},"image":{"@id":"https:\/\/www.cnf-ce.com\/demogroen-2018-bruxelles-be\/#primaryimage"},"thumbnailUrl":"https:\/\/www.cnf-ce.com\/wp-content\/uploads\/2018\/02\/demo-groen-bruxelles-CNF.jpg","datePublished":"2018-02-06T13:30:41+00:00","dateModified":"2023-01-23T09:20:52+00:00","breadcrumb":{"@id":"https:\/\/www.cnf-ce.com\/demogroen-2018-bruxelles-be\/#breadcrumb"},"inLanguage":"es","potentialAction":[{"@type":"ReadAction","target":["https:\/\/www.cnf-ce.com\/demogroen-2018-bruxelles-be\/"]}]},{"@type":"ImageObject","inLanguage":"es","@id":"https:\/\/www.cnf-ce.com\/demogroen-2018-bruxelles-be\/#primaryimage","url":"https:\/\/www.cnf-ce.com\/wp-content\/uploads\/2018\/02\/demo-groen-bruxelles-CNF.jpg","contentUrl":"https:\/\/www.cnf-ce.com\/wp-content\/uploads\/2018\/02\/demo-groen-bruxelles-CNF.jpg","width":1920,"height":1280},{"@type":"BreadcrumbList","@id":"https:\/\/www.cnf-ce.com\/demogroen-2018-bruxelles-be\/#breadcrumb","itemListElement":[{"@type":"ListItem","position":1,"name":"Home","item":"https:\/\/www.cnf-ce.com\/"},{"@type":"ListItem","position":2,"name":"News &amp; Fiere","item":"https:\/\/www.cnf-ce.com\/category\/news-fiere\/"},{"@type":"ListItem","position":3,"name":"DEMOGROEN 2018 \u2013 BRUXELLES (BE)"}]},{"@type":"WebSite","@id":"https:\/\/www.cnf-ce.com\/#website","url":"https:\/\/www.cnf-ce.com\/","name":"CNF","description":"Equipo de construcci\u00f3n","publisher":{"@id":"https:\/\/www.cnf-ce.com\/#organization"},"potentialAction":[{"@type":"SearchAction","target":{"@type":"EntryPoint","urlTemplate":"https:\/\/www.cnf-ce.com\/?s={search_term_string}"},"query-input":{"@type":"PropertyValueSpecification","valueRequired":true,"valueName":"search_term_string"}}],"inLanguage":"es"},{"@type":"Organization","@id":"https:\/\/www.cnf-ce.com\/#organization","name":"CNF","url":"https:\/\/www.cnf-ce.com\/","logo":{"@type":"ImageObject","inLanguage":"es","@id":"https:\/\/www.cnf-ce.com\/#\/schema\/logo\/image\/","url":"https:\/\/www.cnf-ce.com\/wp-content\/uploads\/2022\/09\/CNF_favicon.svg","contentUrl":"https:\/\/www.cnf-ce.com\/wp-content\/uploads\/2022\/09\/CNF_favicon.svg","width":512,"height":512,"caption":"CNF"},"image":{"@id":"https:\/\/www.cnf-ce.com\/#\/schema\/logo\/image\/"}},{"@type":"Person","@id":"https:\/\/www.cnf-ce.com\/#\/schema\/person\/5f5c43fcc05648b29cb81b4e105408b6","name":"administrador","sameAs":["https:\/\/www.cnf-ce.com"],"url":"https:\/\/www.cnf-ce.com\/es\/author\/admin\/"}]}},"rttpg_featured_image_url":{"full":["https:\/\/www.cnf-ce.com\/wp-content\/uploads\/2018\/02\/demo-groen-bruxelles-CNF.jpg",1920,1280,false],"landscape":["https:\/\/www.cnf-ce.com\/wp-content\/uploads\/2018\/02\/demo-groen-bruxelles-CNF.jpg",1920,1280,false],"portraits":["https:\/\/www.cnf-ce.com\/wp-content\/uploads\/2018\/02\/demo-groen-bruxelles-CNF.jpg",1920,1280,false],"thumbnail":["https:\/\/www.cnf-ce.com\/wp-content\/uploads\/2018\/02\/demo-groen-bruxelles-CNF-150x150.jpg",150,150,true],"medium":["https:\/\/www.cnf-ce.com\/wp-content\/uploads\/2018\/02\/demo-groen-bruxelles-CNF-300x200.jpg",300,200,true],"large":["https:\/\/www.cnf-ce.com\/wp-content\/uploads\/2018\/02\/demo-groen-bruxelles-CNF-1024x683.jpg",800,534,true],"1536x1536":["https:\/\/www.cnf-ce.com\/wp-content\/uploads\/2018\/02\/demo-groen-bruxelles-CNF-1536x1024.jpg",1536,1024,true],"2048x2048":["https:\/\/www.cnf-ce.com\/wp-content\/uploads\/2018\/02\/demo-groen-bruxelles-CNF.jpg",1920,1280,false],"trp-custom-language-flag":["https:\/\/www.cnf-ce.com\/wp-content\/uploads\/2018\/02\/demo-groen-bruxelles-CNF.jpg",18,12,false]},"rttpg_author":{"display_name":"admin","author_link":"https:\/\/www.cnf-ce.com\/es\/author\/admin\/"},"rttpg_comment":0,"rttpg_category":"<a href=\"https:\/\/www.cnf-ce.com\/es\/category\/news-fiere\/\" rel=\"category tag\">News &amp; Fiere<\/a>","rttpg_excerpt":"Dal 9 al 11 Settembre CNF parteciper\u00e0 al Demo Groen 2018 a Bruxelles, un grande evento dedicato al giardinaggio ed alla paesaggistica in Belgio.\u2028\u2028 Il nostro distributore locale Devako ha confermato il forte coinvolgimento in questo tipo di mercato con grande interesse verso la nostra gamma di minidumpers. www.demogroen.be","_links":{"self":[{"href":"https:\/\/www.cnf-ce.com\/es\/wp-json\/wp\/v2\/posts\/1876","targetHints":{"allow":["GET"]}}],"collection":[{"href":"https:\/\/www.cnf-ce.com\/es\/wp-json\/wp\/v2\/posts"}],"about":[{"href":"https:\/\/www.cnf-ce.com\/es\/wp-json\/wp\/v2\/types\/post"}],"author":[{"embeddable":true,"href":"https:\/\/www.cnf-ce.com\/es\/wp-json\/wp\/v2\/users\/1"}],"replies":[{"embeddable":true,"href":"https:\/\/www.cnf-ce.com\/es\/wp-json\/wp\/v2\/comments?post=1876"}],"version-history":[{"count":2,"href":"https:\/\/www.cnf-ce.com\/es\/wp-json\/wp\/v2\/posts\/1876\/revisions"}],"predecessor-version":[{"id":6646,"href":"https:\/\/www.cnf-ce.com\/es\/wp-json\/wp\/v2\/posts\/1876\/revisions\/6646"}],"wp:featuredmedia":[{"embeddable":true,"href":"https:\/\/www.cnf-ce.com\/es\/wp-json\/wp\/v2\/media\/6644"}],"wp:attachment":[{"href":"https:\/\/www.cnf-ce.com\/es\/wp-json\/wp\/v2\/media?parent=1876"}],"wp:term":[{"taxonomy":"category","embeddable":true,"href":"https:\/\/www.cnf-ce.com\/es\/wp-json\/wp\/v2\/categories?post=1876"},{"taxonomy":"post_tag","embeddable":true,"href":"https:\/\/www.cnf-ce.com\/es\/wp-json\/wp\/v2\/tags?post=1876"}],"curies":[{"name":"wp","href":"https:\/\/api.w.org\/{rel}","templated":true}]}}